{"id":4409,"date":"2020-10-21T09:33:43","date_gmt":"2020-10-21T07:33:43","guid":{"rendered":"https:\/\/www.naturella.ch\/2020\/10\/21\/tout-lhiver-en-mode-naturel\/"},"modified":"2021-03-08T11:33:48","modified_gmt":"2021-03-08T10:33:48","slug":"tout-lhiver-en-mode-naturel","status":"publish","type":"post","link":"https:\/\/www.naturella.ch\/de\/blog\/tout-lhiver-en-mode-naturel\/","title":{"rendered":"Tout l&#8217;hiver en mode naturel !"},"content":{"rendered":"<p><strong>Rester belle au naturel, c\u2019est facile et ludique\u00a0! Et si cet hiver vous releviez le d\u00e9fi\u00a0? <\/strong><\/p>\n<p><strong>Il suffit de quelques ingr\u00e9dients, de fruits, de fleurs et de plantes bien choisis pour pr\u00e9parer tr\u00e8s simplement des soins efficaces. Essayez plut\u00f4t, et oubliez l\u00e8vres gerc\u00e9es et peau qui tiraille en hiver\u00a0!<\/strong><\/p>\n<p>Hydrater et nourrir sont les mots cl\u00e9s pour prot\u00e9ger la peau, et donc pr\u00e9server sa beaut\u00e9. Baumes pour les l\u00e8vres et soin de jour, si n\u00e9cessaire de nuit aussi, sont tout simplement incontournables pour le visage.<\/p>\n<p><strong>Voici d\u2019abord quelques suggestions pour soigner vos l\u00e8vres\u00a0:<\/strong><\/p>\n<p>Au plus simple, appliquez une fine couche de miel sur les l\u00e8vres, r\u00e9sistez pendant une quinzaine de minutes \u00e0 la tentation de les l\u00e9cher, puis retirez le miel en tapotant avec une serviette humide.<\/p>\n<p>Un rien plus sophistiqu\u00e9\u00a0?<\/p>\n<p>Pr\u00e9voyez dans ce cas du miel cristallis\u00e9, de l\u2019eau de rose (ou hydrolat de rose), 1 goutte d\u2019huile essentielle de g\u00e9ranium rosat, d\u2019orange douce ou de ylang-ylang.<\/p>\n<p>Ensuite\u00a0:<\/p>\n<ul>\n<li>Laissez fondre \u00e0 temp\u00e9rature ambiante (ou au bain-marie dans un petit bol plac\u00e9 dans un saladier d\u2019eau chaude) l\u2019\u00e9quivalent de 2 cuill\u00e8res \u00e0 soupe de miel cristallis\u00e9.<\/li>\n<li>Ajoutez une \u00e0 deux cuill\u00e8res \u00e0 caf\u00e9 d\u2019eau de rose au miel devenu tendre.<\/li>\n<li>Ajoutez une goutte d\u2019huile essentielle, versez dans un petit pot et placez au r\u00e9frig\u00e9rateur afin que la pr\u00e9paration se solidifie.<\/li>\n<\/ul>\n<p>Une troisi\u00e8me proposition, de plus en plus \u00ab\u00a0pro\u00a0\u00bb\u00a0!<\/p>\n<p>Pr\u00e9voyez cette fois\u00a03 cuill\u00e8res \u00e0 soupe d&#8217;huile v\u00e9g\u00e9tale d&#8217;olive, de jojoba ou de calendula, 5 g de cire d&#8217;abeille, \u00bd cuill\u00e8re \u00e0 caf\u00e9 de miel et 1 goutte d&#8217;huile essentielle de votre choix.<\/p>\n<ul>\n<li>Faites fondre au bain-marie \u00e0 feu doux la cire d&#8217;abeille avec l&#8217;huile v\u00e9g\u00e9tale tout en remuant.<\/li>\n<li>Retirez du feu, ajoutez le miel, et m\u00e9langez bien.<\/li>\n<li>Versez une goutte d\u2019huile essentielle, tout en continuant \u00e0 remuer le tout, jusqu\u2019\u00e0 ce que le baume durcisse. Laissez refroidir avant de fermer le petit pot\u00a0!<\/li>\n<\/ul>\n<p>Pour profiter des propri\u00e9t\u00e9s cicatrisantes, anti-oxydantes, hydratantes et \u00e9mollientes du <strong><em>miel<\/em><\/strong>, choisissez un miel press\u00e9 \u00e0 froid, si possible aupr\u00e8s d\u2019un apiculteur local.<\/p>\n<p>Comme le PH du miel est tr\u00e8s proche de celui de la peau, vous l\u2019appr\u00e9cierez pour de nombreux autres soins \u00ab\u00a0maison\u00a0\u00bb.<\/p>\n<p>Quant \u00e0 la <strong><em>cire<\/em><\/strong>, elle \u00e9paissit et stabilise les baumes, cr\u00e8mes et autres diff\u00e9rentes pr\u00e9parations, contribuant ainsi \u00e0 les rendre douces et onctueuses. Et ce n\u2019est pas tout\u00a0: en plus d\u2019\u00eatre protectrice et de retarder la perte d\u2019humidit\u00e9 de la peau, elle a aussi des effets antimicrobiens et r\u00e9g\u00e9n\u00e9rateurs.<\/p>\n<p>Tous deux se r\u00e9v\u00e8lent donc de v\u00e9ritables alli\u00e9s pour la beaut\u00e9 au naturel\u2026 ne vous en privez pas\u00a0!<\/p>\n<p><strong>La peau aussi, \u00e7a se nourrit\u00a0!<\/strong><\/p>\n<p>Tout au long des mois en \u00ab\u00a0r\u00a0\u00bb, offrez \u00e0 votre peau des petits extras sous forme de masques nourrissants. Celui-ci sera particuli\u00e8rement appr\u00e9ci\u00e9 des peaux s\u00e8ches\u00a0:<\/p>\n<ul>\n<li>\u00c9crasez la pulpe d\u2019une banane, ajoutez une cuill\u00e8re \u00e0 caf\u00e9 de miel liquide, m\u00e9langez soigneusement, puis posez cette pr\u00e9paration sur votre visage.<\/li>\n<li>Laissez-la agir une vingtaine de minutes et retirez-la \u00e0 l\u2019eau ti\u00e8de.<\/li>\n<\/ul>\n<p>Excellent \u00e9galement pour hydrater les peaux les plus gourmandes\u00a0:<\/p>\n<ul>\n<li>M\u00e9langez 3 cuill\u00e8res \u00e0 caf\u00e9 d\u2019amande en poudre avec un jaune d\u2019\u0153uf, une cuill\u00e8re \u00e0 caf\u00e9 d\u2019huile d\u2019amande douce, et une cuill\u00e8re \u00e0 caf\u00e9 de cr\u00e8me fra\u00eeche.<\/li>\n<li>Appliquez sur le visage pendant une vingtaine de minutes, retirez avec de l\u2019eau ti\u00e8de.<\/li>\n<\/ul>\n<p>Retrouvez-nous bient\u00f4t ici pour d\u2019autres gestes de beaut\u00e9 simples et naturels\u00a0!<\/p>\n","protected":false},"excerpt":{"rendered":"<p>Rester belle au naturel, c\u2019est facile et ludique\u00a0! Et si cet hiver vous releviez le d\u00e9fi\u00a0? Il suffit de quelques ingr\u00e9dients, de fruits, de fleurs et de plantes bien choisis pour pr\u00e9parer tr\u00e8s simplement des soins efficaces. Essayez plut\u00f4t, et oubliez l\u00e8vres gerc\u00e9es et peau qui tiraille en hiver\u00a0! Hydrater et nourrir sont les mots [&hellip;]<\/p>\n","protected":false},"author":1,"featured_media":4449,"comment_status":"open","ping_status":"open","sticky":false,"template":"","format":"standard","meta":{"_acf_changed":false,"powered_cache_disable_cache":false,"powered_cache_disable_lazyload":false,"powered_cache_disable_css_optimization":false,"powered_cache_disable_js_optimization":false,"footnotes":""},"categories":[100,96],"tags":[],"class_list":["post-4409","post","type-post","status-publish","format-standard","has-post-thumbnail","hentry","category-beaute-de","category-hiver-de"],"acf":[],"yoast_head":"<!-- This site is optimized with the Yoast SEO Premium plugin v26.9 (Yoast SEO v27.5) - https:\/\/yoast.com\/product\/yoast-seo-premium-wordpress\/ -->\n<title>Tout l&#039;hiver en mode naturel ! Naturella<\/title>\n<meta name=\"robots\" content=\"index, follow, max-snippet:-1, max-image-preview:large, max-video-preview:-1\" \/>\n<link rel=\"canonical\" href=\"https:\/\/www.naturella.ch\/de\/blog\/tout-lhiver-en-mode-naturel\/\" \/>\n<meta property=\"og:locale\" content=\"de_DE\" \/>\n<meta property=\"og:type\" content=\"article\" \/>\n<meta property=\"og:title\" content=\"\ud83c\udf43 Tout l&#039;hiver en mode naturel !\" \/>\n<meta property=\"og:description\" content=\"Rester belle au naturel, c\u2019est facile et ludique\u00a0! Et si cet hiver vous releviez le d\u00e9fi\u00a0? Il suffit de quelques ingr\u00e9dients, de fruits, de fleurs et de\" \/>\n<meta property=\"og:url\" content=\"https:\/\/www.naturella.ch\/blog\/tout-lhiver-en-mode-naturel\/\" \/>\n<meta property=\"og:site_name\" content=\"Naturella\" \/>\n<meta property=\"article:publisher\" content=\"https:\/\/www.facebook.com\/Naturella-Diffusion-102844258398231\" \/>\n<meta property=\"article:published_time\" content=\"2020-10-21T07:33:43+00:00\" \/>\n<meta property=\"article:modified_time\" content=\"2021-03-08T10:33:48+00:00\" \/>\n<meta property=\"og:image\" content=\"https:\/\/www.naturella.ch\/wp-content\/uploads\/2020\/10\/Blog-miel-1.jpg\" \/>\n\t<meta property=\"og:image:width\" content=\"1920\" \/>\n\t<meta property=\"og:image:height\" content=\"1280\" \/>\n\t<meta property=\"og:image:type\" content=\"image\/jpeg\" \/>\n<meta name=\"author\" content=\"Micka\u00ebl\" \/>\n<meta name=\"twitter:card\" content=\"summary_large_image\" \/>\n<meta name=\"twitter:label1\" content=\"Verfasst von\" \/>\n\t<meta name=\"twitter:data1\" content=\"Micka\u00ebl\" \/>\n\t<meta name=\"twitter:label2\" content=\"Gesch\u00e4tzte Lesezeit\" \/>\n\t<meta name=\"twitter:data2\" content=\"3\u00a0Minuten\" \/>\n<script type=\"application\/ld+json\" class=\"yoast-schema-graph\">{\"@context\":\"https:\\\/\\\/schema.org\",\"@graph\":[{\"@type\":[\"Article\",\"BlogPosting\"],\"@id\":\"https:\\\/\\\/www.naturella.ch\\\/blog\\\/tout-lhiver-en-mode-naturel\\\/#article\",\"isPartOf\":{\"@id\":\"https:\\\/\\\/www.naturella.ch\\\/de\\\/blog\\\/tout-lhiver-en-mode-naturel\\\/\"},\"author\":{\"name\":\"Micka\u00ebl\",\"@id\":\"https:\\\/\\\/www.naturella.ch\\\/de\\\/#\\\/schema\\\/person\\\/6d7ff44d1dc12c58f1ce4645be7c5acd\"},\"headline\":\"Tout l&#8217;hiver en mode naturel !\",\"datePublished\":\"2020-10-21T07:33:43+00:00\",\"dateModified\":\"2021-03-08T10:33:48+00:00\",\"mainEntityOfPage\":{\"@id\":\"https:\\\/\\\/www.naturella.ch\\\/de\\\/blog\\\/tout-lhiver-en-mode-naturel\\\/\"},\"wordCount\":623,\"commentCount\":0,\"publisher\":{\"@id\":\"https:\\\/\\\/www.naturella.ch\\\/de\\\/#organization\"},\"image\":{\"@id\":\"https:\\\/\\\/www.naturella.ch\\\/blog\\\/tout-lhiver-en-mode-naturel\\\/#primaryimage\"},\"thumbnailUrl\":\"https:\\\/\\\/www.naturella.ch\\\/wp-content\\\/uploads\\\/2020\\\/10\\\/Blog-miel-1.jpg\",\"articleSection\":[\"Beaut\u00e9\",\"Hiver\"],\"inLanguage\":\"de\",\"potentialAction\":[{\"@type\":\"CommentAction\",\"name\":\"Comment\",\"target\":[\"https:\\\/\\\/www.naturella.ch\\\/blog\\\/tout-lhiver-en-mode-naturel\\\/#respond\"]}]},{\"@type\":\"WebPage\",\"@id\":\"https:\\\/\\\/www.naturella.ch\\\/de\\\/blog\\\/tout-lhiver-en-mode-naturel\\\/\",\"url\":\"https:\\\/\\\/www.naturella.ch\\\/blog\\\/tout-lhiver-en-mode-naturel\\\/\",\"name\":\"Tout l'hiver en mode naturel ! Naturella\",\"isPartOf\":{\"@id\":\"https:\\\/\\\/www.naturella.ch\\\/de\\\/#website\"},\"primaryImageOfPage\":{\"@id\":\"https:\\\/\\\/www.naturella.ch\\\/blog\\\/tout-lhiver-en-mode-naturel\\\/#primaryimage\"},\"image\":{\"@id\":\"https:\\\/\\\/www.naturella.ch\\\/blog\\\/tout-lhiver-en-mode-naturel\\\/#primaryimage\"},\"thumbnailUrl\":\"https:\\\/\\\/www.naturella.ch\\\/wp-content\\\/uploads\\\/2020\\\/10\\\/Blog-miel-1.jpg\",\"datePublished\":\"2020-10-21T07:33:43+00:00\",\"dateModified\":\"2021-03-08T10:33:48+00:00\",\"breadcrumb\":{\"@id\":\"https:\\\/\\\/www.naturella.ch\\\/blog\\\/tout-lhiver-en-mode-naturel\\\/#breadcrumb\"},\"inLanguage\":\"de\",\"potentialAction\":[{\"@type\":\"ReadAction\",\"target\":[\"https:\\\/\\\/www.naturella.ch\\\/blog\\\/tout-lhiver-en-mode-naturel\\\/\"]}]},{\"@type\":\"ImageObject\",\"inLanguage\":\"de\",\"@id\":\"https:\\\/\\\/www.naturella.ch\\\/blog\\\/tout-lhiver-en-mode-naturel\\\/#primaryimage\",\"url\":\"https:\\\/\\\/www.naturella.ch\\\/wp-content\\\/uploads\\\/2020\\\/10\\\/Blog-miel-1.jpg\",\"contentUrl\":\"https:\\\/\\\/www.naturella.ch\\\/wp-content\\\/uploads\\\/2020\\\/10\\\/Blog-miel-1.jpg\",\"width\":1920,\"height\":1280},{\"@type\":\"BreadcrumbList\",\"@id\":\"https:\\\/\\\/www.naturella.ch\\\/blog\\\/tout-lhiver-en-mode-naturel\\\/#breadcrumb\",\"itemListElement\":[{\"@type\":\"ListItem\",\"position\":1,\"name\":\"Accueil\",\"item\":\"https:\\\/\\\/www.naturella.ch\\\/de\\\/\"},{\"@type\":\"ListItem\",\"position\":2,\"name\":\"Tout l&#8217;hiver en mode naturel !\"}]},{\"@type\":\"WebSite\",\"@id\":\"https:\\\/\\\/www.naturella.ch\\\/de\\\/#website\",\"url\":\"https:\\\/\\\/www.naturella.ch\\\/de\\\/\",\"name\":\"Naturella\",\"description\":\"\",\"publisher\":{\"@id\":\"https:\\\/\\\/www.naturella.ch\\\/de\\\/#organization\"},\"potentialAction\":[{\"@type\":\"SearchAction\",\"target\":{\"@type\":\"EntryPoint\",\"urlTemplate\":\"https:\\\/\\\/www.naturella.ch\\\/de\\\/?s={search_term_string}\"},\"query-input\":{\"@type\":\"PropertyValueSpecification\",\"valueRequired\":true,\"valueName\":\"search_term_string\"}}],\"inLanguage\":\"de\"},{\"@type\":\"Organization\",\"@id\":\"https:\\\/\\\/www.naturella.ch\\\/de\\\/#organization\",\"name\":\"Naturella Diffusion SA\",\"url\":\"https:\\\/\\\/www.naturella.ch\\\/de\\\/\",\"logo\":{\"@type\":\"ImageObject\",\"inLanguage\":\"de\",\"@id\":\"https:\\\/\\\/www.naturella.ch\\\/de\\\/#\\\/schema\\\/logo\\\/image\\\/\",\"url\":\"https:\\\/\\\/www.naturella.ch\\\/wp-content\\\/uploads\\\/2021\\\/04\\\/Logo-Naturella_2021_RVB-e1619530233334.png\",\"contentUrl\":\"https:\\\/\\\/www.naturella.ch\\\/wp-content\\\/uploads\\\/2021\\\/04\\\/Logo-Naturella_2021_RVB-e1619530233334.png\",\"width\":340,\"height\":170,\"caption\":\"Naturella Diffusion SA\"},\"image\":{\"@id\":\"https:\\\/\\\/www.naturella.ch\\\/de\\\/#\\\/schema\\\/logo\\\/image\\\/\"},\"sameAs\":[\"https:\\\/\\\/www.facebook.com\\\/Naturella-Diffusion-102844258398231\",\"https:\\\/\\\/www.instagram.com\\\/naturella_diffusion\\\/\"],\"hasMerchantReturnPolicy\":{\"@type\":\"MerchantReturnPolicy\",\"merchantReturnLink\":\"https:\\\/\\\/www.naturella.ch\\\/remboursements_retours\\\/\"}},{\"@type\":\"Person\",\"@id\":\"https:\\\/\\\/www.naturella.ch\\\/de\\\/#\\\/schema\\\/person\\\/6d7ff44d1dc12c58f1ce4645be7c5acd\",\"name\":\"Micka\u00ebl\",\"image\":{\"@type\":\"ImageObject\",\"inLanguage\":\"de\",\"@id\":\"https:\\\/\\\/secure.gravatar.com\\\/avatar\\\/77b1c75d942c1d062a9d2337572375d6877b04ade67f3636d55aae43777b2e0d?s=96&d=mm&r=g\",\"url\":\"https:\\\/\\\/secure.gravatar.com\\\/avatar\\\/77b1c75d942c1d062a9d2337572375d6877b04ade67f3636d55aae43777b2e0d?s=96&d=mm&r=g\",\"contentUrl\":\"https:\\\/\\\/secure.gravatar.com\\\/avatar\\\/77b1c75d942c1d062a9d2337572375d6877b04ade67f3636d55aae43777b2e0d?s=96&d=mm&r=g\",\"caption\":\"Micka\u00ebl\"}}]}<\/script>\n<!-- \/ Yoast SEO Premium plugin. -->","yoast_head_json":{"title":"Tout l'hiver en mode naturel ! Naturella","robots":{"index":"index","follow":"follow","max-snippet":"max-snippet:-1","max-image-preview":"max-image-preview:large","max-video-preview":"max-video-preview:-1"},"canonical":"https:\/\/www.naturella.ch\/de\/blog\/tout-lhiver-en-mode-naturel\/","og_locale":"de_DE","og_type":"article","og_title":"\ud83c\udf43 Tout l'hiver en mode naturel !","og_description":"Rester belle au naturel, c\u2019est facile et ludique\u00a0! Et si cet hiver vous releviez le d\u00e9fi\u00a0? Il suffit de quelques ingr\u00e9dients, de fruits, de fleurs et de","og_url":"https:\/\/www.naturella.ch\/blog\/tout-lhiver-en-mode-naturel\/","og_site_name":"Naturella","article_publisher":"https:\/\/www.facebook.com\/Naturella-Diffusion-102844258398231","article_published_time":"2020-10-21T07:33:43+00:00","article_modified_time":"2021-03-08T10:33:48+00:00","og_image":[{"width":1920,"height":1280,"url":"https:\/\/www.naturella.ch\/wp-content\/uploads\/2020\/10\/Blog-miel-1.jpg","type":"image\/jpeg"}],"author":"Micka\u00ebl","twitter_card":"summary_large_image","twitter_misc":{"Verfasst von":"Micka\u00ebl","Gesch\u00e4tzte Lesezeit":"3\u00a0Minuten"},"schema":{"@context":"https:\/\/schema.org","@graph":[{"@type":["Article","BlogPosting"],"@id":"https:\/\/www.naturella.ch\/blog\/tout-lhiver-en-mode-naturel\/#article","isPartOf":{"@id":"https:\/\/www.naturella.ch\/de\/blog\/tout-lhiver-en-mode-naturel\/"},"author":{"name":"Micka\u00ebl","@id":"https:\/\/www.naturella.ch\/de\/#\/schema\/person\/6d7ff44d1dc12c58f1ce4645be7c5acd"},"headline":"Tout l&#8217;hiver en mode naturel !","datePublished":"2020-10-21T07:33:43+00:00","dateModified":"2021-03-08T10:33:48+00:00","mainEntityOfPage":{"@id":"https:\/\/www.naturella.ch\/de\/blog\/tout-lhiver-en-mode-naturel\/"},"wordCount":623,"commentCount":0,"publisher":{"@id":"https:\/\/www.naturella.ch\/de\/#organization"},"image":{"@id":"https:\/\/www.naturella.ch\/blog\/tout-lhiver-en-mode-naturel\/#primaryimage"},"thumbnailUrl":"https:\/\/www.naturella.ch\/wp-content\/uploads\/2020\/10\/Blog-miel-1.jpg","articleSection":["Beaut\u00e9","Hiver"],"inLanguage":"de","potentialAction":[{"@type":"CommentAction","name":"Comment","target":["https:\/\/www.naturella.ch\/blog\/tout-lhiver-en-mode-naturel\/#respond"]}]},{"@type":"WebPage","@id":"https:\/\/www.naturella.ch\/de\/blog\/tout-lhiver-en-mode-naturel\/","url":"https:\/\/www.naturella.ch\/blog\/tout-lhiver-en-mode-naturel\/","name":"Tout l'hiver en mode naturel ! Naturella","isPartOf":{"@id":"https:\/\/www.naturella.ch\/de\/#website"},"primaryImageOfPage":{"@id":"https:\/\/www.naturella.ch\/blog\/tout-lhiver-en-mode-naturel\/#primaryimage"},"image":{"@id":"https:\/\/www.naturella.ch\/blog\/tout-lhiver-en-mode-naturel\/#primaryimage"},"thumbnailUrl":"https:\/\/www.naturella.ch\/wp-content\/uploads\/2020\/10\/Blog-miel-1.jpg","datePublished":"2020-10-21T07:33:43+00:00","dateModified":"2021-03-08T10:33:48+00:00","breadcrumb":{"@id":"https:\/\/www.naturella.ch\/blog\/tout-lhiver-en-mode-naturel\/#breadcrumb"},"inLanguage":"de","potentialAction":[{"@type":"ReadAction","target":["https:\/\/www.naturella.ch\/blog\/tout-lhiver-en-mode-naturel\/"]}]},{"@type":"ImageObject","inLanguage":"de","@id":"https:\/\/www.naturella.ch\/blog\/tout-lhiver-en-mode-naturel\/#primaryimage","url":"https:\/\/www.naturella.ch\/wp-content\/uploads\/2020\/10\/Blog-miel-1.jpg","contentUrl":"https:\/\/www.naturella.ch\/wp-content\/uploads\/2020\/10\/Blog-miel-1.jpg","width":1920,"height":1280},{"@type":"BreadcrumbList","@id":"https:\/\/www.naturella.ch\/blog\/tout-lhiver-en-mode-naturel\/#breadcrumb","itemListElement":[{"@type":"ListItem","position":1,"name":"Accueil","item":"https:\/\/www.naturella.ch\/de\/"},{"@type":"ListItem","position":2,"name":"Tout l&#8217;hiver en mode naturel !"}]},{"@type":"WebSite","@id":"https:\/\/www.naturella.ch\/de\/#website","url":"https:\/\/www.naturella.ch\/de\/","name":"Naturella","description":"","publisher":{"@id":"https:\/\/www.naturella.ch\/de\/#organization"},"potentialAction":[{"@type":"SearchAction","target":{"@type":"EntryPoint","urlTemplate":"https:\/\/www.naturella.ch\/de\/?s={search_term_string}"},"query-input":{"@type":"PropertyValueSpecification","valueRequired":true,"valueName":"search_term_string"}}],"inLanguage":"de"},{"@type":"Organization","@id":"https:\/\/www.naturella.ch\/de\/#organization","name":"Naturella Diffusion SA","url":"https:\/\/www.naturella.ch\/de\/","logo":{"@type":"ImageObject","inLanguage":"de","@id":"https:\/\/www.naturella.ch\/de\/#\/schema\/logo\/image\/","url":"https:\/\/www.naturella.ch\/wp-content\/uploads\/2021\/04\/Logo-Naturella_2021_RVB-e1619530233334.png","contentUrl":"https:\/\/www.naturella.ch\/wp-content\/uploads\/2021\/04\/Logo-Naturella_2021_RVB-e1619530233334.png","width":340,"height":170,"caption":"Naturella Diffusion SA"},"image":{"@id":"https:\/\/www.naturella.ch\/de\/#\/schema\/logo\/image\/"},"sameAs":["https:\/\/www.facebook.com\/Naturella-Diffusion-102844258398231","https:\/\/www.instagram.com\/naturella_diffusion\/"],"hasMerchantReturnPolicy":{"@type":"MerchantReturnPolicy","merchantReturnLink":"https:\/\/www.naturella.ch\/remboursements_retours\/"}},{"@type":"Person","@id":"https:\/\/www.naturella.ch\/de\/#\/schema\/person\/6d7ff44d1dc12c58f1ce4645be7c5acd","name":"Micka\u00ebl","image":{"@type":"ImageObject","inLanguage":"de","@id":"https:\/\/secure.gravatar.com\/avatar\/77b1c75d942c1d062a9d2337572375d6877b04ade67f3636d55aae43777b2e0d?s=96&d=mm&r=g","url":"https:\/\/secure.gravatar.com\/avatar\/77b1c75d942c1d062a9d2337572375d6877b04ade67f3636d55aae43777b2e0d?s=96&d=mm&r=g","contentUrl":"https:\/\/secure.gravatar.com\/avatar\/77b1c75d942c1d062a9d2337572375d6877b04ade67f3636d55aae43777b2e0d?s=96&d=mm&r=g","caption":"Micka\u00ebl"}}]}},"_links":{"self":[{"href":"https:\/\/www.naturella.ch\/de\/wp-json\/wp\/v2\/posts\/4409","targetHints":{"allow":["GET"]}}],"collection":[{"href":"https:\/\/www.naturella.ch\/de\/wp-json\/wp\/v2\/posts"}],"about":[{"href":"https:\/\/www.naturella.ch\/de\/wp-json\/wp\/v2\/types\/post"}],"author":[{"embeddable":true,"href":"https:\/\/www.naturella.ch\/de\/wp-json\/wp\/v2\/users\/1"}],"replies":[{"embeddable":true,"href":"https:\/\/www.naturella.ch\/de\/wp-json\/wp\/v2\/comments?post=4409"}],"version-history":[{"count":0,"href":"https:\/\/www.naturella.ch\/de\/wp-json\/wp\/v2\/posts\/4409\/revisions"}],"wp:featuredmedia":[{"embeddable":true,"href":"https:\/\/www.naturella.ch\/de\/wp-json\/wp\/v2\/media\/4449"}],"wp:attachment":[{"href":"https:\/\/www.naturella.ch\/de\/wp-json\/wp\/v2\/media?parent=4409"}],"wp:term":[{"taxonomy":"category","embeddable":true,"href":"https:\/\/www.naturella.ch\/de\/wp-json\/wp\/v2\/categories?post=4409"},{"taxonomy":"post_tag","embeddable":true,"href":"https:\/\/www.naturella.ch\/de\/wp-json\/wp\/v2\/tags?post=4409"}],"curies":[{"name":"wp","href":"https:\/\/api.w.org\/{rel}","templated":true}]}}